{"id":1919,"date":"2024-11-15T23:07:00","date_gmt":"2024-11-15T23:07:00","guid":{"rendered":"https:\/\/www.tv-woringen.de\/?p=1919"},"modified":"2024-11-18T16:14:15","modified_gmt":"2024-11-18T16:14:15","slug":"tabellenfuehrung-gefestigt","status":"publish","type":"post","link":"https:\/\/www.tv-woringen.de\/?p=1919","title":{"rendered":"Tabellenf\u00fchrung gefestigt!!"},"content":{"rendered":"\n<p>Mit einem 8:2 Ausw\u00e4rtssieg festige die erste Tischtennismannschaft des TV Woringen die Tabellenf\u00fchrung in der Bezirksklasse A. Nach den beiden Doppel und den ersten beiden Spielen des vorderen Paarkreuzes stand es zwischenzeitlich 2:2. Nachdem das hintere Paarkreuz mit Gl\u00f6ckle und Hardt punkten konnte, lief es auch bei Sch\u00f6lhorn und Pfalzer rund, sodass man mit einer F\u00fchrung von 6:2 in die Schlusseinzel einbiegen konnte. Letztlich konnte am Ende ein 8:2 Sieg verbucht werden. Nun steht am 22.11. das Spitzenspiel gegen Trunkelsberg, 20:00 Uhr, Halle Woringen, an. Unterst\u00fctzende Besucher sind herzlich willkommen.<br>Leider gibt es von diesem sensationellen Abend keine Fotos. Das wird am kommenden Freitag anders sein.<br>Kommt und feuert uns an!! Wir brauchen jede tatkr\u00e4ftige Unterst\u00fctzung!!<\/p>\n\n\n<div class=\"wp-block-image\">\n<figure class=\"aligncenter size-full is-resized\"><img loading=\"lazy\" decoding=\"async\" width=\"716\" height=\"920\" src=\"https:\/\/www.tv-woringen.de\/wp-content\/uploads\/2024\/11\/Tischtennis.jpg\" alt=\"\" class=\"wp-image-1924\" style=\"width:476px;height:auto\" srcset=\"https:\/\/www.tv-woringen.de\/wp-content\/uploads\/2024\/11\/Tischtennis.jpg 716w, https:\/\/www.tv-woringen.de\/wp-content\/uploads\/2024\/11\/Tischtennis-233x300.jpg 233w, https:\/\/www.tv-woringen.de\/wp-content\/uploads\/2024\/11\/Tischtennis-210x270.jpg 210w\" sizes=\"auto, (max-width: 716px) 100vw, 716px\" \/><\/figure><\/div>","protected":false},"excerpt":{"rendered":"<p>Mit einem 8:2 Ausw\u00e4rtssieg festige die erste Tischtennismannschaft des TV Woringen die Tabellenf\u00fchrung in der Bezirksklasse A. Nach den beiden Doppel und den ersten beiden Spielen des vorderen Paarkreuzes stand es zwischenzeitlich 2:2. Nachdem das hintere Paarkreuz mit Gl\u00f6ckle und Hardt punkten konnte, lief es auch bei Sch\u00f6lhorn und Pfalzer rund, sodass man mit einer F\u00fchrung von 6:2 in die Schlusseinzel einbiegen konnte. Letztlich konnte am Ende ein 8:2 Sieg verbucht werden. Nun steht am 22.11. das Spitzenspiel gegen Trunkelsberg,&#8230;<\/p>\n<p class=\"read-more\"><a class=\"btn btn-default\" href=\"https:\/\/www.tv-woringen.de\/?p=1919\">Weiterlesen<span class=\"screen-reader-text\"> Weiterlesen<\/span><\/a><\/p>\n","protected":false},"author":1,"featured_media":0,"comment_status":"open","ping_status":"open","sticky":false,"template":"","format":"standard","meta":{"footnotes":""},"categories":[15],"tags":[],"class_list":["post-1919","post","type-post","status-publish","format-standard","hentry","category-tischtennis"],"_links":{"self":[{"href":"https:\/\/www.tv-woringen.de\/index.php?rest_route=\/wp\/v2\/posts\/1919","targetHints":{"allow":["GET"]}}],"collection":[{"href":"https:\/\/www.tv-woringen.de\/index.php?rest_route=\/wp\/v2\/posts"}],"about":[{"href":"https:\/\/www.tv-woringen.de\/index.php?rest_route=\/wp\/v2\/types\/post"}],"author":[{"embeddable":true,"href":"https:\/\/www.tv-woringen.de\/index.php?rest_route=\/wp\/v2\/users\/1"}],"replies":[{"embeddable":true,"href":"https:\/\/www.tv-woringen.de\/index.php?rest_route=%2Fwp%2Fv2%2Fcomments&post=1919"}],"version-history":[{"count":4,"href":"https:\/\/www.tv-woringen.de\/index.php?rest_route=\/wp\/v2\/posts\/1919\/revisions"}],"predecessor-version":[{"id":1927,"href":"https:\/\/www.tv-woringen.de\/index.php?rest_route=\/wp\/v2\/posts\/1919\/revisions\/1927"}],"wp:attachment":[{"href":"https:\/\/www.tv-woringen.de\/index.php?rest_route=%2Fwp%2Fv2%2Fmedia&parent=1919"}],"wp:term":[{"taxonomy":"category","embeddable":true,"href":"https:\/\/www.tv-woringen.de\/index.php?rest_route=%2Fwp%2Fv2%2Fcategories&post=1919"},{"taxonomy":"post_tag","embeddable":true,"href":"https:\/\/www.tv-woringen.de\/index.php?rest_route=%2Fwp%2Fv2%2Ftags&post=1919"}],"curies":[{"name":"wp","href":"https:\/\/api.w.org\/{rel}","templated":true}]}}